{"id":1009,"date":"2021-03-09T11:33:08","date_gmt":"2021-03-09T17:33:08","guid":{"rendered":"http:\/\/radiocepad.org\/?p=1009"},"modified":"2021-03-09T11:33:08","modified_gmt":"2021-03-09T17:33:08","slug":"dia-mundial-de-oracion","status":"publish","type":"post","link":"https:\/\/radiocepad.org\/?p=1009","title":{"rendered":"D\u00eda Mundial de Oraci\u00f3n"},"content":{"rendered":"El D\u00eda Mundial de Oraci\u00f3n denominado DMO es un movimiento universal\necum\u00e9nico de mujeres cristianas. Simbolizado por una fecha central\nde oraci\u00f3n \u2013 primer viernes de marzo &#8211; cada a\u00f1o son las mujeres\nde un pa\u00eds diferente quienes preparan la liturgia.\n\n<!-- \/wp:post-content --><!-- wp:paragraph -->En este a\u00f1o 2021 la celebraci\u00f3n del DMO est\u00e1 organizado por las mujeres de Vanuatu bajo el lema \u201cConstruyamos sobre una base firme\u201d y se celebro el 5 de marzo. Sin lugar a dudas, tambi\u00e9n en su pa\u00eds se llevo acabo esta celebraci\u00f3n.\n\n<!-- \/wp:paragraph --><!-- wp:paragraph -->La <strong>oraci\u00f3n <\/strong>es necesaria para recibir bendici\u00f3n y poder de Dios. La Biblia\ntambi\u00e9n nos da un ant\u00eddoto contra un mal muy com\u00fan en estos\ntiempos: la ansiedad, y es <strong>orar<\/strong> (Filipenses 4.6-7).\nConviertan en una <strong>oraci\u00f3n<\/strong> todo af\u00e1n que tengan.\nLos afanes deben ser un tipo de materia prima para las <strong>oraciones<\/strong>.","protected":false},"excerpt":{"rendered":"<p>El D\u00eda Mundial de Oraci\u00f3n denominado DMO es un movimiento universal ecum\u00e9nico de mujeres cristianas. Simbolizado por una fecha central de oraci\u00f3n \u2013 primer viernes de marzo &#8211; cada a\u00f1o son las mujeres de un pa\u00eds diferente quienes preparan la liturgia. En este a\u00f1o 2021 la celebraci\u00f3n del DMO est\u00e1 organizado por las mujeres de [&hellip;]<\/p>\n","protected":false},"author":6,"featured_media":1004,"comment_status":"open","ping_status":"open","sticky":false,"template":"","format":"standard","meta":{"footnotes":""},"categories":[1],"tags":[],"class_list":["post-1009","post","type-post","status-publish","format-standard","has-post-thumbnail","hentry","category-noticias"],"_links":{"self":[{"href":"https:\/\/radiocepad.org\/index.php?rest_route=\/wp\/v2\/posts\/1009","targetHints":{"allow":["GET"]}}],"collection":[{"href":"https:\/\/radiocepad.org\/index.php?rest_route=\/wp\/v2\/posts"}],"about":[{"href":"https:\/\/radiocepad.org\/index.php?rest_route=\/wp\/v2\/types\/post"}],"author":[{"embeddable":true,"href":"https:\/\/radiocepad.org\/index.php?rest_route=\/wp\/v2\/users\/6"}],"replies":[{"embeddable":true,"href":"https:\/\/radiocepad.org\/index.php?rest_route=%2Fwp%2Fv2%2Fcomments&post=1009"}],"version-history":[{"count":1,"href":"https:\/\/radiocepad.org\/index.php?rest_route=\/wp\/v2\/posts\/1009\/revisions"}],"predecessor-version":[{"id":1010,"href":"https:\/\/radiocepad.org\/index.php?rest_route=\/wp\/v2\/posts\/1009\/revisions\/1010"}],"wp:featuredmedia":[{"embeddable":true,"href":"https:\/\/radiocepad.org\/index.php?rest_route=\/wp\/v2\/media\/1004"}],"wp:attachment":[{"href":"https:\/\/radiocepad.org\/index.php?rest_route=%2Fwp%2Fv2%2Fmedia&parent=1009"}],"wp:term":[{"taxonomy":"category","embeddable":true,"href":"https:\/\/radiocepad.org\/index.php?rest_route=%2Fwp%2Fv2%2Fcategories&post=1009"},{"taxonomy":"post_tag","embeddable":true,"href":"https:\/\/radiocepad.org\/index.php?rest_route=%2Fwp%2Fv2%2Ftags&post=1009"}],"curies":[{"name":"wp","href":"https:\/\/api.w.org\/{rel}","templated":true}]}}