{"id":1019,"date":"2021-03-09T16:17:18","date_gmt":"2021-03-09T22:17:18","guid":{"rendered":"http:\/\/radiocepad.org\/?p=1019"},"modified":"2021-03-09T16:17:19","modified_gmt":"2021-03-09T22:17:19","slug":"dia-internacional-de-la-mujer-2021","status":"publish","type":"post","link":"https:\/\/radiocepad.org\/?p=1019","title":{"rendered":"D\u00eda Internacional de la Mujer 2021"},"content":{"rendered":"<p>Asimismo, las mujeres se encuentran al frente de la batalla contra la Covid-19, como trabajadoras del sector de la salud y en primera l\u00ednea, y como cient\u00edficas, m\u00e9dicas y cuidadoras; no obstante, ganan un 11 por ciento menos globalmente en comparaci\u00f3n con sus hom\u00f3logos masculinos. Como se\u00f1ala un an\u00e1lisis de equipos de trabajo sobre la Covid-19 de 87 pa\u00edses, solamente el 3,5 por ciento de estos ten\u00edan paridad de g\u00e9nero.<\/p>\n<p>\u00a0<\/p>\n<p>Este a\u00f1o, el tema del D\u00eda Internacional de la Mujer (8 de marzo), <em>\u201cMujeres l\u00edderes: Por un futuro igualitario en el mundo de la Covid-19\u201d<\/em>, celebra los enormes esfuerzos realizados por mujeres y ni\u00f1as de todo el mundo a la hora de definir un futuro m\u00e1s igualitario y la recuperaci\u00f3n ante la pandemia de Covid-19, y resalta las deficiencias que persisten.<\/p>\n<\/p>\n<p>\t<title><\/title><br \/>\n\t<meta name=\"generator\" content=\"LibreOffice 6.2.7.1 (Linux)\"><\/p>\n","protected":false},"excerpt":{"rendered":"<p>Asimismo, las mujeres se encuentran al frente de la batalla contra la Covid-19, como trabajadoras del sector de la salud y en primera l\u00ednea, y como cient\u00edficas, m\u00e9dicas y cuidadoras; no obstante, ganan un 11 por ciento menos globalmente en comparaci\u00f3n con sus hom\u00f3logos masculinos. Como se\u00f1ala un an\u00e1lisis de equipos de trabajo sobre la [&hellip;]<\/p>\n","protected":false},"author":6,"featured_media":0,"comment_status":"open","ping_status":"open","sticky":false,"template":"","format":"standard","meta":{"footnotes":""},"categories":[1],"tags":[],"class_list":["post-1019","post","type-post","status-publish","format-standard","hentry","category-noticias"],"_links":{"self":[{"href":"https:\/\/radiocepad.org\/index.php?rest_route=\/wp\/v2\/posts\/1019","targetHints":{"allow":["GET"]}}],"collection":[{"href":"https:\/\/radiocepad.org\/index.php?rest_route=\/wp\/v2\/posts"}],"about":[{"href":"https:\/\/radiocepad.org\/index.php?rest_route=\/wp\/v2\/types\/post"}],"author":[{"embeddable":true,"href":"https:\/\/radiocepad.org\/index.php?rest_route=\/wp\/v2\/users\/6"}],"replies":[{"embeddable":true,"href":"https:\/\/radiocepad.org\/index.php?rest_route=%2Fwp%2Fv2%2Fcomments&post=1019"}],"version-history":[{"count":1,"href":"https:\/\/radiocepad.org\/index.php?rest_route=\/wp\/v2\/posts\/1019\/revisions"}],"predecessor-version":[{"id":1020,"href":"https:\/\/radiocepad.org\/index.php?rest_route=\/wp\/v2\/posts\/1019\/revisions\/1020"}],"wp:attachment":[{"href":"https:\/\/radiocepad.org\/index.php?rest_route=%2Fwp%2Fv2%2Fmedia&parent=1019"}],"wp:term":[{"taxonomy":"category","embeddable":true,"href":"https:\/\/radiocepad.org\/index.php?rest_route=%2Fwp%2Fv2%2Fcategories&post=1019"},{"taxonomy":"post_tag","embeddable":true,"href":"https:\/\/radiocepad.org\/index.php?rest_route=%2Fwp%2Fv2%2Ftags&post=1019"}],"curies":[{"name":"wp","href":"https:\/\/api.w.org\/{rel}","templated":true}]}}