{"id":1034,"date":"2021-05-12T15:50:51","date_gmt":"2021-05-12T21:50:51","guid":{"rendered":"http:\/\/radiocepad.org\/?p=1034"},"modified":"2021-05-12T15:50:52","modified_gmt":"2021-05-12T21:50:52","slug":"dia-internacional-de-las-familias","status":"publish","type":"post","link":"https:\/\/radiocepad.org\/?p=1034","title":{"rendered":"D\u00eda Internacional de las Familias"},"content":{"rendered":"\n<p>\nEl origen de esta importante fecha se establece a partir de los a\u00f1os ochenta. Sin embargo, en el a\u00f1o 1994 la <strong>Asamblea General de las Naciones Unidas<\/strong> proclam\u00f3 este d\u00eda oficial, tomando en cuenta que la familia es el n\u00facleo central de cualquier sociedad.\n<\/p>\n\n\n\n<p>\nDesde entonces, el <strong>D\u00eda Internacional de las Familias<\/strong> \nrepresenta una fecha emblem\u00e1tica para resaltar el valor de la familia a \nnivel mundial. De ella depende que los seres humanos logren integrarse \nde manera sana y completa en su entorno y de esta manera alcanzar \nniveles de convivencia, donde se respeten las reglas y normas que rigen a\n la sociedad.\n<\/p>\n","protected":false},"excerpt":{"rendered":"<p>El origen de esta importante fecha se establece a partir de los a\u00f1os ochenta. Sin embargo, en el a\u00f1o 1994 la Asamblea General de las Naciones Unidas proclam\u00f3 este d\u00eda oficial, tomando en cuenta que la familia es el n\u00facleo central de cualquier sociedad. Desde entonces, el D\u00eda Internacional de las Familias representa una fecha [&hellip;]<\/p>\n","protected":false},"author":6,"featured_media":1031,"comment_status":"open","ping_status":"open","sticky":false,"template":"","format":"standard","meta":{"footnotes":""},"categories":[1],"tags":[],"class_list":["post-1034","post","type-post","status-publish","format-standard","has-post-thumbnail","hentry","category-noticias"],"_links":{"self":[{"href":"https:\/\/radiocepad.org\/index.php?rest_route=\/wp\/v2\/posts\/1034","targetHints":{"allow":["GET"]}}],"collection":[{"href":"https:\/\/radiocepad.org\/index.php?rest_route=\/wp\/v2\/posts"}],"about":[{"href":"https:\/\/radiocepad.org\/index.php?rest_route=\/wp\/v2\/types\/post"}],"author":[{"embeddable":true,"href":"https:\/\/radiocepad.org\/index.php?rest_route=\/wp\/v2\/users\/6"}],"replies":[{"embeddable":true,"href":"https:\/\/radiocepad.org\/index.php?rest_route=%2Fwp%2Fv2%2Fcomments&post=1034"}],"version-history":[{"count":1,"href":"https:\/\/radiocepad.org\/index.php?rest_route=\/wp\/v2\/posts\/1034\/revisions"}],"predecessor-version":[{"id":1035,"href":"https:\/\/radiocepad.org\/index.php?rest_route=\/wp\/v2\/posts\/1034\/revisions\/1035"}],"wp:featuredmedia":[{"embeddable":true,"href":"https:\/\/radiocepad.org\/index.php?rest_route=\/wp\/v2\/media\/1031"}],"wp:attachment":[{"href":"https:\/\/radiocepad.org\/index.php?rest_route=%2Fwp%2Fv2%2Fmedia&parent=1034"}],"wp:term":[{"taxonomy":"category","embeddable":true,"href":"https:\/\/radiocepad.org\/index.php?rest_route=%2Fwp%2Fv2%2Fcategories&post=1034"},{"taxonomy":"post_tag","embeddable":true,"href":"https:\/\/radiocepad.org\/index.php?rest_route=%2Fwp%2Fv2%2Ftags&post=1034"}],"curies":[{"name":"wp","href":"https:\/\/api.w.org\/{rel}","templated":true}]}}