{"id":995,"date":"2020-10-29T15:16:11","date_gmt":"2020-10-29T21:16:11","guid":{"rendered":"http:\/\/radiocepad.org\/?p=995"},"modified":"2020-11-02T15:28:05","modified_gmt":"2020-11-02T21:28:05","slug":"hasta-luego-a-un-gran-teologo-con-corazon-latinoamericano-juan-stam","status":"publish","type":"post","link":"https:\/\/radiocepad.org\/?p=995","title":{"rendered":"\u201cHasta luego\u00bb a un gran te\u00f3logo con coraz\u00f3n latinoamericano Juan Stam"},"content":{"rendered":"\n<p>\nEl\n17 de octubre ha  fallecido en Costa Rica el Reverendo Juan Stam,\nmisionero, te\u00f3logo y biblista muy conocido y apreciado especialmente\nen Am\u00e9rica Latina. \n<\/p>\n\n\n\n<p>\nHab\u00eda\nnacido en Patterson, Nueva Jersey  (Estados Unidos) en el a\u00f1o de\n1928, en el seno de una familia holandesa y estudi\u00f3 Teolog\u00eda en la\nUniversidad de Wheaton y en el Seminario Teol\u00f3gico Fuller.<\/p>\n\n\n\n<p>\nDurante\nvarias d\u00e9cadas fue profesor de Teolog\u00eda Sistem\u00e1tica y supervisor\nde alumnos varones en el Seminario B\u00edblico Latinoamericano de San\nJos\u00e9 y ense\u00f1\u00f3 tambi\u00e9n en otras varias instituciones teol\u00f3gicas.\nComo muestra de su profundo aprecio por el pa\u00eds en que fueron a\nservir, Stam y su esposa Doris adoptaron la ciudadan\u00eda\ncostarricense. <br>\n<br>\n\n<\/p>\n\n\n\n<p>\nLa\npartida de Juan Stam significa la partida de un buen amigo para\nmuchos y autor de la obra cumbre que se ha  publicado  como lo es\nApocalipsis, en cuatro tomos, de la serie del Comentario B\u00edblico\nIberoamericano.<\/p>\n\n\n\n<p>\nAdem\u00e1s\nde Apocalipsis, Juan escribi\u00f3 art\u00edculos para la revista Kair\u00f3s y\notros dos libros: \u201cApocalipsis y profec\u00eda\u201d, donde muestra que\nlas interpretaciones tradicionales de la iglesia evang\u00e9lica deben\ntomar en cuenta el contexto socioecon\u00f3mico y pol\u00edtico del escrito\ny, adem\u00e1s, el significado del mensaje del libro en nuestro contexto\nactual. Y \u201cLas buenas nuevas de la creaci\u00f3n\u201d (presentaci\u00f3n que\nhizo en CLADE III en 1992), que es una de las primeras obras que\nincluye la cuesti\u00f3n de la ecolog\u00eda escrita por un evang\u00e9lico en\ncastellano.<\/p>\n\n\n\n<p>\nLo\nque distingu\u00eda a Stam era la seriedad y honestidad con la que\ndesempe\u00f1aba su tarea de educador teol\u00f3gico e int\u00e9rprete de la\nPalabra de Dios, y que se refleja en sus escritos.<\/p>\n\n\n\n<p>\nVerdadero\npedagogo, que no escrib\u00eda para los eruditos, aunque \u00e9stos lo\nadmiraban, sino para los creyentes que quieren pensar su f\u00e9 y\nentender los debates y pol\u00e9micas que aparecen de tiempo en tiempo en\nel panorama. \u00a1\u00a1la valiosa herencia que nos ha dejado!!.<\/p>\n\n\n\n<p> Junto a su esposa, Doris, fue profesor del Seminario Teol\u00f3gico Bautista de Nicaragua. Por invitaci\u00f3n de CEPAD brind\u00f3 muchos estudios b\u00edblicos a los comit\u00e9s pastorales y la Asamblea General con la sencillez y humildad que le caracteriz\u00f3, contribuyendo a la formaci\u00f3n de muchos hermanos y hermanas.  <\/p>\n\n\n\n<p> <strong>El CEPAD se une en gratitud a Dios por su fruct\u00edfera vida y ministerio.<\/strong><\/p>\n","protected":false},"excerpt":{"rendered":"<p>El 17 de octubre ha fallecido en Costa Rica el Reverendo Juan Stam, misionero, te\u00f3logo y biblista muy conocido y apreciado especialmente en Am\u00e9rica Latina. Hab\u00eda nacido en Patterson, Nueva Jersey (Estados Unidos) en el a\u00f1o de 1928, en el seno de una familia holandesa y estudi\u00f3 Teolog\u00eda en la Universidad de Wheaton y en [&hellip;]<\/p>\n","protected":false},"author":6,"featured_media":996,"comment_status":"open","ping_status":"open","sticky":false,"template":"","format":"standard","meta":{"footnotes":""},"categories":[1],"tags":[],"class_list":["post-995","post","type-post","status-publish","format-standard","has-post-thumbnail","hentry","category-noticias"],"_links":{"self":[{"href":"https:\/\/radiocepad.org\/index.php?rest_route=\/wp\/v2\/posts\/995","targetHints":{"allow":["GET"]}}],"collection":[{"href":"https:\/\/radiocepad.org\/index.php?rest_route=\/wp\/v2\/posts"}],"about":[{"href":"https:\/\/radiocepad.org\/index.php?rest_route=\/wp\/v2\/types\/post"}],"author":[{"embeddable":true,"href":"https:\/\/radiocepad.org\/index.php?rest_route=\/wp\/v2\/users\/6"}],"replies":[{"embeddable":true,"href":"https:\/\/radiocepad.org\/index.php?rest_route=%2Fwp%2Fv2%2Fcomments&post=995"}],"version-history":[{"count":1,"href":"https:\/\/radiocepad.org\/index.php?rest_route=\/wp\/v2\/posts\/995\/revisions"}],"predecessor-version":[{"id":997,"href":"https:\/\/radiocepad.org\/index.php?rest_route=\/wp\/v2\/posts\/995\/revisions\/997"}],"wp:featuredmedia":[{"embeddable":true,"href":"https:\/\/radiocepad.org\/index.php?rest_route=\/wp\/v2\/media\/996"}],"wp:attachment":[{"href":"https:\/\/radiocepad.org\/index.php?rest_route=%2Fwp%2Fv2%2Fmedia&parent=995"}],"wp:term":[{"taxonomy":"category","embeddable":true,"href":"https:\/\/radiocepad.org\/index.php?rest_route=%2Fwp%2Fv2%2Fcategories&post=995"},{"taxonomy":"post_tag","embeddable":true,"href":"https:\/\/radiocepad.org\/index.php?rest_route=%2Fwp%2Fv2%2Ftags&post=995"}],"curies":[{"name":"wp","href":"https:\/\/api.w.org\/{rel}","templated":true}]}}